{"id":3949,"date":"2021-02-21T15:00:18","date_gmt":"2021-02-21T14:00:18","guid":{"rendered":"https:\/\/www.lingua-world.de\/blog\/?p=3949"},"modified":"2022-06-28T16:14:11","modified_gmt":"2022-06-28T14:14:11","slug":"21-februar-wir-feiern-den-internationalen-tag-der-muttersprache-2021","status":"publish","type":"post","link":"https:\/\/www.lingua-world.de\/blog\/21-februar-wir-feiern-den-internationalen-tag-der-muttersprache-2021\/","title":{"rendered":"21. Februar \u2013 Wir feiern den Internationalen Tag der Muttersprache 2021!"},"content":{"rendered":"<p>Im Jahr 2000 rief die UNESCO den 21. Februar zum Internationalen Tag der Muttersprache aus. Der Gedenktag soll die sprachliche und kulturelle Vielfalt sowie Mehrsprachigkeit f\u00f6rdern, denn f\u00fcr die Organisation der Vereinten Nationen f\u00fcr Bildung, Wissenschaft und Kultur sind Sprachen Zeichen interkultureller Identit\u00e4t derer, die sie sprechen. Sie dienen uns zugleich als Schl\u00fcssel zu gegenseitigem Verst\u00e4ndnis, Respekt und einer pluralistischen, gerechten und offenen Wissensgesellschaft.<!--more--><\/p>\n<div id=\"ez-toc-container\" class=\"ez-toc-v2_0_82_2 ez-toc-wrap-right counter-hierarchy ez-toc-counter ez-toc-white ez-toc-container-direction\">\n<div class=\"ez-toc-title-container\">\n<p class=\"ez-toc-title\" style=\"cursor:inherit\">Seiteninhalt<\/p>\n<span class=\"ez-toc-title-toggle\"><a href=\"#\" class=\"ez-toc-pull-right ez-toc-btn ez-toc-btn-xs ez-toc-btn-default ez-toc-toggle\" aria-label=\"Toggle Table of Content\"><span class=\"ez-toc-js-icon-con\"><span class=\"\"><span class=\"eztoc-hide\" style=\"display:none;\">Toggle<\/span><span class=\"ez-toc-icon-toggle-span\"><svg style=\"fill: #999;color:#999\" xmlns=\"http:\/\/www.w3.org\/2000\/svg\" class=\"list-377408\" width=\"20px\" height=\"20px\" viewBox=\"0 0 24 24\" fill=\"none\"><path d=\"M6 6H4v2h2V6zm14 0H8v2h12V6zM4 11h2v2H4v-2zm16 0H8v2h12v-2zM4 16h2v2H4v-2zm16 0H8v2h12v-2z\" fill=\"currentColor\"><\/path><\/svg><svg style=\"fill: #999;color:#999\" class=\"arrow-unsorted-368013\" xmlns=\"http:\/\/www.w3.org\/2000\/svg\" width=\"10px\" height=\"10px\" viewBox=\"0 0 24 24\" version=\"1.2\" baseProfile=\"tiny\"><path d=\"M18.2 9.3l-6.2-6.3-6.2 6.3c-.2.2-.3.4-.3.7s.1.5.3.7c.2.2.4.3.7.3h11c.3 0 .5-.1.7-.3.2-.2.3-.5.3-.7s-.1-.5-.3-.7zM5.8 14.7l6.2 6.3 6.2-6.3c.2-.2.3-.5.3-.7s-.1-.5-.3-.7c-.2-.2-.4-.3-.7-.3h-11c-.3 0-.5.1-.7.3-.2.2-.3.5-.3.7s.1.5.3.7z\"\/><\/svg><\/span><\/span><\/span><\/a><\/span><\/div>\n<nav><ul class='ez-toc-list ez-toc-list-level-1 eztoc-toggle-hide-by-default' ><li class='ez-toc-page-1 ez-toc-heading-level-2'><a class=\"ez-toc-link ez-toc-heading-1\" href=\"https:\/\/www.lingua-world.de\/blog\/21-februar-wir-feiern-den-internationalen-tag-der-muttersprache-2021\/#internationaler-tag-der-muttersprache\" >Internationaler Tag der Muttersprache<\/a><\/li><li class='ez-toc-page-1 ez-toc-heading-level-2'><a class=\"ez-toc-link ez-toc-heading-2\" href=\"https:\/\/www.lingua-world.de\/blog\/21-februar-wir-feiern-den-internationalen-tag-der-muttersprache-2021\/#warum-wurde-der-21-februar-zum-gedenktag-der-muttersprache-ausgerufen\" >Warum wurde der 21. Februar zum Gedenktag der Muttersprache ausgerufen?<\/a><\/li><li class='ez-toc-page-1 ez-toc-heading-level-2'><a class=\"ez-toc-link ez-toc-heading-3\" href=\"https:\/\/www.lingua-world.de\/blog\/21-februar-wir-feiern-den-internationalen-tag-der-muttersprache-2021\/#welche-laender-sind-besonders-vielsprachig\" >Welche L\u00e4nder sind besonders vielsprachig?<\/a><\/li><li class='ez-toc-page-1 ez-toc-heading-level-2'><a class=\"ez-toc-link ez-toc-heading-4\" href=\"https:\/\/www.lingua-world.de\/blog\/21-februar-wir-feiern-den-internationalen-tag-der-muttersprache-2021\/#was-sind-die-haeufigsten-muttersprachen-in-der-welt\" >Was sind die h\u00e4ufigsten Muttersprachen in der Welt?<\/a><\/li><li class='ez-toc-page-1 ez-toc-heading-level-2'><a class=\"ez-toc-link ez-toc-heading-5\" href=\"https:\/\/www.lingua-world.de\/blog\/21-februar-wir-feiern-den-internationalen-tag-der-muttersprache-2021\/#welche-muttersprachen-werden-in-deutschland-gesprochen\" >Welche Muttersprachen werden in Deutschland gesprochen?<\/a><\/li><li class='ez-toc-page-1 ez-toc-heading-level-2'><a class=\"ez-toc-link ez-toc-heading-6\" href=\"https:\/\/www.lingua-world.de\/blog\/21-februar-wir-feiern-den-internationalen-tag-der-muttersprache-2021\/#erstaunliches-wissen-zur-muttersprache\" >Erstaunliches Wissen zur Muttersprache<\/a><\/li><\/ul><\/nav><\/div>\n<h2><span class=\"ez-toc-section\" id=\"internationaler-tag-der-muttersprache\"><\/span>Internationaler Tag der Muttersprache<span class=\"ez-toc-section-end\"><\/span><\/h2>\n<p>Zum 21. Mal begehen wir heute den Internationalen Tag der Muttersprache. Mit ihm will die UNESCO die sprachliche Vielfalt unserer Welt in den Fokus r\u00fccken: Denn der H\u00e4lfte der rund 6.700 Sprachen, die heute noch weltweit gesprochen werden, drohe der UNESCO zufolge das Vergessen. Die Deutsche UNESCO-Kommission schreibt auf ihrer <a href=\"https:\/\/www.unesco.de\/kultur-und-natur\/kulturelle-vielfalt\/21-februar-ist-internationaler-tag-der-muttersprache\" rel=\"noopener\" target=\"_blank\">Internetseite<\/a>, dass die Menschheit etwa alle zwei Wochen eine Sprache verliere \u2013 und damit jeweils auch ein St\u00fcck kulturelles sowie intellektuelles Erbe.<\/p>\n<p><img loading=\"lazy\" decoding=\"async\" src=\"https:\/\/www.lingua-world.de\/blog\/wp-content\/uploads\/2021\/02\/internationaler-tag-der-muttersprache.png\" alt=\"Internationaler Tag der Muttersprache\" title=\"Internationaler Tag der Muttersprache\" width=\"572\" height=\"343\" class=\"alignnone size-full wp-image-3964\" srcset=\"https:\/\/www.lingua-world.de\/blog\/wp-content\/uploads\/2021\/02\/internationaler-tag-der-muttersprache.png 572w, https:\/\/www.lingua-world.de\/blog\/wp-content\/uploads\/2021\/02\/internationaler-tag-der-muttersprache-300x180.png 300w, https:\/\/www.lingua-world.de\/blog\/wp-content\/uploads\/2021\/02\/internationaler-tag-der-muttersprache-500x300.png 500w\" sizes=\"auto, (max-width: 572px) 100vw, 572px\" \/> <\/p>\n<h2><span class=\"ez-toc-section\" id=\"warum-wurde-der-21-februar-zum-gedenktag-der-muttersprache-ausgerufen\"><\/span>Warum wurde der 21. Februar zum Gedenktag der Muttersprache ausgerufen?<span class=\"ez-toc-section-end\"><\/span><\/h2>\n<p>Dass der 21. Februar zum Tag der Muttersprache ausgerufen wurde, ist kein Zufall, sondern das hat folgende historische Bewandtnis: 1952 beschloss die Regierung des mehrsprachigen Pakistans, dass die Sprache Urdu alleinige Amtssprache im Land sein sollte. Dazu muss man wissen, dass damals nur drei Prozent der pakistanischen Bev\u00f6lkerung tats\u00e4chlich Urdu als Muttersprache sprachen. Im Osten des Landes war Bengalisch die meistgesprochene Sprache. Am 21. Februar des Jahres demonstrierten Tausende, vor allem Studenten, in Dhaka f\u00fcr die Anerkennung des Bengalischen als offizielle Staatssprache. Die Polizei erschoss mehrere der jungen Demonstranten.<\/p>\n<p>Die sprachliche und kulturelle Unterdr\u00fcckung Ostpakistans f\u00fchrte 1971 dazu, dass sich der Landesteil von Pakistan abspaltete und den Staat Bangladesch gr\u00fcndete. Der 21. Februar wird in Bangladesch seitdem als Tag der M\u00e4rtyrer begangen. Auf Antrag von Bangladesch wurde dieser Tag im November 1999 von der UNESCO zum Internationalen Tag der Muttersprache ausgerufen und am 21. Februar 2000 erstmals begangen.<\/p>\n<h2><span class=\"ez-toc-section\" id=\"welche-laender-sind-besonders-vielsprachig\"><\/span>Welche L\u00e4nder sind besonders vielsprachig?<span class=\"ez-toc-section-end\"><\/span><\/h2>\n<p>Zum Tag der Muttersprache 2021 haben wir uns mal in der Welt umgeschaut. (Aktualisierung 18.02.2022: Zum <a href=\"https:\/\/www.lingua-world.de\/blog\/tag-der-muttersprache-2022\/\" title=\"Tag der Muttersprache 2022\">Tag der Muttersprache 2022<\/a>) Welche L\u00e4nder haben <a href=\"https:\/\/www.lingua-world.de\/blog\/welche-laender-haben-mehrere-amtssprachen\/\" title=\"L\u00e4nder mit mehreren Amtssprachen\">mehrere Amtssprachen<\/a>? In welchen L\u00e4ndern leben die Menschen besonders vielsprachig? Die Suche nach der Antwort auf diese Frage f\u00fchrt uns ganz in die N\u00e4he \u2013 nach Luxemburg: Das kleine Gro\u00dfherzogtum hat gleich drei Amtssprachen: Luxemburgisch (Nationalsprache), Deutsch und Franz\u00f6sisch (weitere Amtssprachen). In der Praxis bedeutet das zum Beispiel, dass das Bildungssystem und alle \u00c4mter alle drei Sprachen ber\u00fccksichtigen. Der Gro\u00dfteil der geb\u00fcrtigen Luxemburger erlernt Luxemburgisch als Muttersprache und in der Schule dann Schriftdeutsch, Franz\u00f6sisch und Englisch.<\/p>\n<p>In Israel sprechen die \u00fcber 20-J\u00e4hrigen eine von sieben Muttersprachen: Hebr\u00e4isch, Arabisch, Russisch, Jiddisch, Franz\u00f6sisch Englisch und Spanisch (Quelle: Israel in Deutschland, Facebook-Post vom 21.2. 2020). Ein gro\u00dfer Sprung auf die s\u00fcdliche Spitze des afrikanischen Kontinents bringt uns von Israel nach S\u00fcdafrika. Dort hat Lingua World eine Niederlassung und als \u00dcbersetzungsagentur alle H\u00e4nde voll zu tun: Denn S\u00fcdafrika hat derzeit elf Amtssprachen.<\/p>\n<p>Doch das ist noch nichts gegen die Sprachvielfalt, die in Indonesien herrscht: Auf den rund 18.000 zum Land geh\u00f6renden Inseln zwischen den Kontinenten Asien und Australien leben etwa 240 Millionen Menschen, die laut dem CIA World Factbook neben dem Englischen (Handelssprache), den chinesischen Sprachen und dem Niederl\u00e4ndischen auch mehr als 250 regionale Sprachen sprechen.<\/p>\n<p>Sie suchen Muttersprachler, die f\u00fcr Sie professionell \u00fcbersetzen und dolmetschen? Dann wenden Sie sich gerne an uns und <a href=\"https:\/\/www.lingua-world.de\/kontakt.htm\" title=\"\u00dcbersetzungsb\u00fcros Lingua-World\">lassen sich beraten<\/a>!<\/p>\n<h2><span class=\"ez-toc-section\" id=\"was-sind-die-haeufigsten-muttersprachen-in-der-welt\"><\/span>Was sind die h\u00e4ufigsten Muttersprachen in der Welt?<span class=\"ez-toc-section-end\"><\/span><\/h2>\n<p>Die 12 meistgesprochenen Muttersprachen sind laut Statista in absteigender Zahl der Muttersprachler<\/p>\n<ol>\n<li>Chinesisch,<\/li>\n<li>Spanisch,<\/li>\n<li>Englisch,<\/li>\n<li>Hindi,<\/li>\n<li>Arabisch,<\/li>\n<li>Portugiesisch,<\/li>\n<li>Bengalisch,<\/li>\n<li>Russisch,<\/li>\n<li>Japanisch,<\/li>\n<li>Javanisch,<\/li>\n<li>Lahnda<\/li>\n<li>und Deutsch<\/li>\n<\/ol>\n<h2><span class=\"ez-toc-section\" id=\"welche-muttersprachen-werden-in-deutschland-gesprochen\"><\/span>Welche Muttersprachen werden in Deutschland gesprochen?<span class=\"ez-toc-section-end\"><\/span><\/h2>\n<p>Neben der deutschen Sprache, spricht man in Deutschland <a href=\"https:\/\/www.lingua-world.de\/blog\/wo-spricht-man-friesisch\/\" title=\"Wo spricht man Friesisch?\">Friesisch und Sorbisch<\/a> als Muttersprache. Hinzu kommen unz\u00e4hlige Muttersprachen, die Menschen mit fremdsprachigen Wurzeln mitbringen, die hier in Deutschland leben. Die meistgesprochenen Muttersprachen in Deutschland sind laut der Gesellschaft f\u00fcr Deutsche Sprache: Deutsch, Russisch mit bis zu drei Millionen Muttersprachlern, T\u00fcrkisch mit mehr als zwei Millionen Muttersprachlern, Polnisch, Kurdisch, Italienisch, Griechisch, Arabisch, Niederl\u00e4ndisch, Serbisch, Kroatisch, Spanisch und Englisch.<\/p>\n<h2><span class=\"ez-toc-section\" id=\"erstaunliches-wissen-zur-muttersprache\"><\/span>Erstaunliches Wissen zur Muttersprache<span class=\"ez-toc-section-end\"><\/span><\/h2>\n<p>Im Folgenden haben wir Ihnen spannende und teils erstaunliche Fakten zur Muttersprache zusammengetragen.<\/p>\n<ol>\n<li>Die Muttersprache beeinflusst unser Zeitgef\u00fchl. Laut einer Studie w\u00fcrden Schweden, Engl\u00e4nder und Deutsche Zeit als physikalische Distanz wahrnehmen (benutzen &#8222;kurze Pause&#8220;, &#8222;lange Hochzeit&#8220; f\u00fcr Verschiedenes), w\u00e4hrend Griechen und Spanier Zeit als physikalische Menge betrachteten und damit tats\u00e4chlich nur eine kurze Pause oder eine lange Hochzeit meinen.<\/li>\n<li>Laut einer chinesischen Studie lernen Babys ihre Muttersprache sowohl vom Vater als auch von der Mutter. Vom Vater \u00fcbernehmen sie demnach das Vokabular, von der Mutter Aussprache und Tonalit\u00e4t.<\/li>\n<li>Eine deutsche Studie brachte zutage, dass Kinder, deren Eltern eine andere Muttersprache als Deutsch haben, mitnichten zu Hause Deutsch sprechen sollten, um ihre Deutschkenntnisse zu verbessern. Das verschlechtere nicht nur die F\u00e4higkeiten, sich in der Muttersprache auszudr\u00fccken, sondern auch die Sprachf\u00e4higkeiten im Deutschen.<\/li>\n<li>Die Muttersprache beeinflusst unser Denken, denn jede Sprache beschreibt die Welt auf ihre Weise. Wer Fremdsprachen lernt, erweitert laut Studien daher nicht nur sein Vokabular, sondern auch seine Weltanschauung.<\/li>\n<li>Literatur ist ein Paradoxon: Sie l\u00e4sst sich in alle Sprachen \u00fcbersetzen, ist somit supranational. Zugleich verliert das Original mit der \u00dcbersetzung seine muttersprachliche Eigenheit, da so manches muttersprachliche Bild un\u00fcbersetzbar ist und vom \u00dcbersetzer &#8222;lokalisiert&#8220; wird.<\/li>\n<\/ol>\n<p>Wir bieten Ihnen als <a href=\"https:\/\/www.lingua-world.de\" title=\"Professionelles \u00dcbersetzungsb\u00fcro\">professionelles \u00dcbersetzungsb\u00fcro<\/a> \u00dcbersetzungen und Dolmetscherdienste in allen Sprachen und Dialekten dieser Welt. Selbstverst\u00e4ndlich sind unsere zertifizierten Sprachexperten Muttersprachler.<\/p>\n<p><a href=\"https:\/\/www.lingua-world.de\/anfrage.htm\" title=\"Unverbindliches Angebot \u00dcbersetzungen\">Fragen Sie uns nach einem Angebot<\/a>, selbstverst\u00e4ndlich unverbindlich.<\/p>\n","protected":false},"excerpt":{"rendered":"<p>Im Jahr 2000 rief die UNESCO den 21. Februar zum Internationalen Tag der Muttersprache aus. Der Gedenktag soll die sprachliche und kulturelle Vielfalt sowie Mehrsprachigkeit f\u00f6rdern, denn f\u00fcr die Organisation der Vereinten Nationen f\u00fcr Bildung, Wissenschaft und Kultur sind Sprachen &hellip; <a href=\"https:\/\/www.lingua-world.de\/blog\/21-februar-wir-feiern-den-internationalen-tag-der-muttersprache-2021\/\">Weiterlesen <span class=\"meta-nav\">&rarr;<\/span><\/a><\/p>\n","protected":false},"author":5,"featured_media":0,"comment_status":"open","ping_status":"open","sticky":false,"template":"","format":"standard","meta":{"_lmt_disableupdate":"","_lmt_disable":"","footnotes":""},"categories":[1],"tags":[],"class_list":["post-3949","post","type-post","status-publish","format-standard","hentry","category-allgemein"],"aioseo_notices":[],"modified_by":"Peter","_links":{"self":[{"href":"https:\/\/www.lingua-world.de\/blog\/wp-json\/wp\/v2\/posts\/3949","targetHints":{"allow":["GET"]}}],"collection":[{"href":"https:\/\/www.lingua-world.de\/blog\/wp-json\/wp\/v2\/posts"}],"about":[{"href":"https:\/\/www.lingua-world.de\/blog\/wp-json\/wp\/v2\/types\/post"}],"author":[{"embeddable":true,"href":"https:\/\/www.lingua-world.de\/blog\/wp-json\/wp\/v2\/users\/5"}],"replies":[{"embeddable":true,"href":"https:\/\/www.lingua-world.de\/blog\/wp-json\/wp\/v2\/comments?post=3949"}],"version-history":[{"count":0,"href":"https:\/\/www.lingua-world.de\/blog\/wp-json\/wp\/v2\/posts\/3949\/revisions"}],"wp:attachment":[{"href":"https:\/\/www.lingua-world.de\/blog\/wp-json\/wp\/v2\/media?parent=3949"}],"wp:term":[{"taxonomy":"category","embeddable":true,"href":"https:\/\/www.lingua-world.de\/blog\/wp-json\/wp\/v2\/categories?post=3949"},{"taxonomy":"post_tag","embeddable":true,"href":"https:\/\/www.lingua-world.de\/blog\/wp-json\/wp\/v2\/tags?post=3949"}],"curies":[{"name":"wp","href":"https:\/\/api.w.org\/{rel}","templated":true}]}}