{"id":4789,"date":"2021-10-06T13:00:37","date_gmt":"2021-10-06T11:00:37","guid":{"rendered":"https:\/\/www.lingua-world.de\/blog\/?p=4789"},"modified":"2022-09-16T15:41:38","modified_gmt":"2022-09-16T13:41:38","slug":"500-jahre-bibeluebersetzung-veranstaltungstipps-fuer-eisenach","status":"publish","type":"post","link":"https:\/\/www.lingua-world.de\/blog\/500-jahre-bibeluebersetzung-veranstaltungstipps-fuer-eisenach\/","title":{"rendered":"500 Jahre Bibel\u00fcbersetzung \u2013 Veranstaltungstipps f\u00fcr Eisenach und die Wartburgregion"},"content":{"rendered":"<p>1521 kam Martin Luther (1483 bis 1546) f\u00fcr fast ein ganzes Jahr auf der Wartburg oberhalb Eisenachs in sogenannte Schutzhaft. Als Junker J\u00f6rg \u00fcbersetzte er dort das Neue Testament ins Deutsche \u2013 in nur elf Wochen. Die Stadt Eisenach und die Wartburgregion w\u00fcrdigen Luthers Schaffen 500 Jahre sp\u00e4ter mit einem Themen&shy;jahr, das spannende Veranstaltungen bietet. Schauen Sie selbst! <!--more--><\/p>\n<div id=\"ez-toc-container\" class=\"ez-toc-v2_0_82_2 ez-toc-wrap-right counter-hierarchy ez-toc-counter ez-toc-white ez-toc-container-direction\">\n<div class=\"ez-toc-title-container\">\n<p class=\"ez-toc-title\" style=\"cursor:inherit\">Seiteninhalt<\/p>\n<span class=\"ez-toc-title-toggle\"><a href=\"#\" class=\"ez-toc-pull-right ez-toc-btn ez-toc-btn-xs ez-toc-btn-default ez-toc-toggle\" aria-label=\"Toggle Table of Content\"><span class=\"ez-toc-js-icon-con\"><span class=\"\"><span class=\"eztoc-hide\" style=\"display:none;\">Toggle<\/span><span class=\"ez-toc-icon-toggle-span\"><svg style=\"fill: #999;color:#999\" xmlns=\"http:\/\/www.w3.org\/2000\/svg\" class=\"list-377408\" width=\"20px\" height=\"20px\" viewBox=\"0 0 24 24\" fill=\"none\"><path d=\"M6 6H4v2h2V6zm14 0H8v2h12V6zM4 11h2v2H4v-2zm16 0H8v2h12v-2zM4 16h2v2H4v-2zm16 0H8v2h12v-2z\" fill=\"currentColor\"><\/path><\/svg><svg style=\"fill: #999;color:#999\" class=\"arrow-unsorted-368013\" xmlns=\"http:\/\/www.w3.org\/2000\/svg\" width=\"10px\" height=\"10px\" viewBox=\"0 0 24 24\" version=\"1.2\" baseProfile=\"tiny\"><path d=\"M18.2 9.3l-6.2-6.3-6.2 6.3c-.2.2-.3.4-.3.7s.1.5.3.7c.2.2.4.3.7.3h11c.3 0 .5-.1.7-.3.2-.2.3-.5.3-.7s-.1-.5-.3-.7zM5.8 14.7l6.2 6.3 6.2-6.3c.2-.2.3-.5.3-.7s-.1-.5-.3-.7c-.2-.2-.4-.3-.7-.3h-11c-.3 0-.5.1-.7.3-.2.2-.3.5-.3.7s.1.5.3.7z\"\/><\/svg><\/span><\/span><\/span><\/a><\/span><\/div>\n<nav><ul class='ez-toc-list ez-toc-list-level-1 eztoc-toggle-hide-by-default' ><li class='ez-toc-page-1 ez-toc-heading-level-2'><a class=\"ez-toc-link ez-toc-heading-1\" href=\"https:\/\/www.lingua-world.de\/blog\/500-jahre-bibeluebersetzung-veranstaltungstipps-fuer-eisenach\/#500-jahre-bibeluebersetzung-%e2%80%93-der-blick-zurueck\" >500 Jahre Bibel\u00fcbersetzung \u2013 der Blick zur\u00fcck<\/a><ul class='ez-toc-list-level-3' ><li class='ez-toc-heading-level-3'><a class=\"ez-toc-link ez-toc-heading-2\" href=\"https:\/\/www.lingua-world.de\/blog\/500-jahre-bibeluebersetzung-veranstaltungstipps-fuer-eisenach\/#wo-uebersetzte-luther-die-bibel-ins-deutsche\" >Wo \u00fcbersetzte Luther die Bibel ins Deutsche?<\/a><\/li><li class='ez-toc-page-1 ez-toc-heading-level-3'><a class=\"ez-toc-link ez-toc-heading-3\" href=\"https:\/\/www.lingua-world.de\/blog\/500-jahre-bibeluebersetzung-veranstaltungstipps-fuer-eisenach\/#wann-uebersetzte-luther-das-neue-testament-ins-deutsche\" >Wann \u00fcbersetzte Luther das Neue Testament ins Deutsche?<\/a><\/li><li class='ez-toc-page-1 ez-toc-heading-level-3'><a class=\"ez-toc-link ez-toc-heading-4\" href=\"https:\/\/www.lingua-world.de\/blog\/500-jahre-bibeluebersetzung-veranstaltungstipps-fuer-eisenach\/#wann-uebersetzte-luther-das-alte-testament-ins-deutsche\" >Wann \u00fcbersetzte Luther das Alte Testament ins Deutsche?<\/a><\/li><\/ul><\/li><li class='ez-toc-page-1 ez-toc-heading-level-2'><a class=\"ez-toc-link ez-toc-heading-5\" href=\"https:\/\/www.lingua-world.de\/blog\/500-jahre-bibeluebersetzung-veranstaltungstipps-fuer-eisenach\/#500-jahre-bibeluebersetzung-%e2%80%93-der-blick-nach-vorn\" >500 Jahre Bibel\u00fcbersetzung \u2013 der Blick nach vorn<\/a><ul class='ez-toc-list-level-3' ><li class='ez-toc-heading-level-3'><a class=\"ez-toc-link ez-toc-heading-6\" href=\"https:\/\/www.lingua-world.de\/blog\/500-jahre-bibeluebersetzung-veranstaltungstipps-fuer-eisenach\/#aus-dem-programm-zum-themenjahr-%e2%80%93-500-jahre-bibeluebersetzung\" >Aus dem Programm zum Themenjahr \u2013 500 Jahre Bibel\u00fcbersetzung<\/a><\/li><\/ul><\/li><li class='ez-toc-page-1 ez-toc-heading-level-2'><a class=\"ez-toc-link ez-toc-heading-7\" href=\"https:\/\/www.lingua-world.de\/blog\/500-jahre-bibeluebersetzung-veranstaltungstipps-fuer-eisenach\/#schreiben-auf-der-wartburg-wie-einst-luther-das-wartburg-experiment-202122\" >Schreiben auf der Wartburg wie einst Luther: das Wartburg-Experiment 2021\/22<\/a><\/li><\/ul><\/nav><\/div>\n<h2><span class=\"ez-toc-section\" id=\"500-jahre-bibeluebersetzung-%e2%80%93-der-blick-zurueck\"><\/span>500 Jahre Bibel\u00fcbersetzung \u2013 der Blick zur\u00fcck<span class=\"ez-toc-section-end\"><\/span><\/h2>\n<p>Generationen \u00fcber Generationen hatten den Text der Bibel m\u00fcndlich weiter&shy;gereicht. Schlie\u00dflich wurden die Texte auf Hebr\u00e4isch niedergeschrieben. Aus dem Hebr\u00e4ischen \u00fcbersetze man die Bibel zun\u00e4chst in die Sprachen Aram\u00e4isch, Griechisch und Latein. Martin Luther \u00fcbersetzte die Bibel in die deutsche Sprache, wobei er seine \u00dcbersetzung aus dem Lateinischen und Griechischen auch auslegte und in das allt\u00e4gliche Leben der Menschen seiner Zeit hineindeutete. Er verfasste seine deutschen Bibeltexte nicht in einem steifen Schriftdeutsch, sondern verst\u00e4ndlich und so, wie es zeitgem\u00e4\u00df gesprochen wurde.<\/p>\n<h3><span class=\"ez-toc-section\" id=\"wo-uebersetzte-luther-die-bibel-ins-deutsche\"><\/span>Wo \u00fcbersetzte Luther die Bibel ins Deutsche?<span class=\"ez-toc-section-end\"><\/span><\/h3>\n<p>In seinem Versteck auf der Wartburg, einer Zelle die als Lutherstube bekannt wurde, landete Martin Luther, ge\u00e4chtet von Kaiser und Kirche, am Abend des 4. Mai 1521. Dort lie\u00df ihn der Kurf\u00fcrst von Sachsen, Friedrich der Weise, in Schutzhaft nehmen. Luther lie\u00df sich \u2013 folgt man historischen \u00dcberlieferungen \u2013 einen Bart stehen und die Haare wachsen. Er trug Ritterkleider und Ritterschwert, um seiner Tarnidentit\u00e4t \u201eJunker J\u00f6rg\u201c m\u00f6glichst gerecht zu werden.<\/p>\n<p><img loading=\"lazy\" decoding=\"async\" src=\"https:\/\/www.lingua-world.de\/blog\/wp-content\/uploads\/2021\/10\/500-jahre-bibeluebersetzung.jpg\" alt=\"500 Jahre Bibel\u00fcbersetzung\" title=\"Die Lutherstube\" width=\"570\" height=\"380\" class=\"alignnone size-full wp-image-4794\" srcset=\"https:\/\/www.lingua-world.de\/blog\/wp-content\/uploads\/2021\/10\/500-jahre-bibeluebersetzung.jpg 570w, https:\/\/www.lingua-world.de\/blog\/wp-content\/uploads\/2021\/10\/500-jahre-bibeluebersetzung-300x200.jpg 300w, https:\/\/www.lingua-world.de\/blog\/wp-content\/uploads\/2021\/10\/500-jahre-bibeluebersetzung-450x300.jpg 450w\" sizes=\"auto, (max-width: 570px) 100vw, 570px\" \/><\/p>\n<h3><span class=\"ez-toc-section\" id=\"wann-uebersetzte-luther-das-neue-testament-ins-deutsche\"><\/span>Wann \u00fcbersetzte Luther das Neue Testament ins Deutsche?<span class=\"ez-toc-section-end\"><\/span><\/h3>\n<p>Es hei\u00dft, Luther habe dort aus Langeweile und Einsamkeit begonnen, das Neue Testament ins Deutsche zu \u00fcbersetzen. Und diese Arbeit <strong>in nur zehn Wochen<\/strong> vollbracht. Eine Leistung, die bis heute als seine sch\u00f6pferischste gilt. Denn mit der Bibel\u00fcbersetzung vom Griechischen in ein allgemeinverst\u00e4ndliches Deutsch soll er die Grundlage f\u00fcr die deutsche Hochsprache gelegt haben. F\u00fcr Thomas A. Seidel, Vorstandsvorsitzender der Internationalen Martin Luther Stiftung, ist Luthers \u00dcbersetzung vom Neuen Testament aus dem Griechischen ins Deutsche mehr als ein kirchenhistorisches oder theologisches Ereignis: Gegen\u00fcber dem MDR spricht er von der <strong>&#8222;Geburtsstunde der Nationalsprache&#8220;<\/strong>, die Luther damit gepr\u00e4gt habe.<\/p>\n<p>Luther selbst beherrschte Hebr\u00e4isch und Griechisch und es soll ihm ein Hauptanliegen gewesen sein, Menschen, die weder Hebr\u00e4isch, noch Griechisch oder Latein konnten, Zugang zum Bibeltext zu er\u00f6ffnen \u2013 eine Bibel f\u00fcrs Volk wollte er schaffen, in einer einheitlichen deutschen Sprache. Seine Bibel war zum einander Vorlesen gedacht. Mit dieser liberalen Einstellung machte er sich die Katholische Kirche zum Feind.<\/p>\n<h3><span class=\"ez-toc-section\" id=\"wann-uebersetzte-luther-das-alte-testament-ins-deutsche\"><\/span>Wann \u00fcbersetzte Luther das Alte Testament ins Deutsche?<span class=\"ez-toc-section-end\"><\/span><\/h3>\n<p>F\u00fcr die <strong>\u00dcbersetzung des Alten Testaments<\/strong> brauchte Luther deutlich l\u00e4nger als f\u00fcr die \u00dcbersetzung vom Neuen Testament: Erst 1534 war dies vollbracht. <\/p>\n<p><strong>Sie brauchen Unterst\u00fctzung beim \u00dcbersetzen von Texten?<\/strong><\/p>\n<p><a class=\"button\" href=\"https:\/\/www.lingua-world.de\/anfrage.htm\">Dann stellen Sie uns gerne direkt hier Ihre Anfrage!<\/a><\/p>\n<p>F\u00fcr uns als <a href=\"https:\/\/www.lingua-world.de\" title=\"\u00dcbersetzungsagentur\">\u00dcbersetzungsagentur<\/a> arbeiten tausende professionelle \u00dcbersetzer, die Ihre Texte in jede Sprache dieser Welt \u00fcbersetzen.<\/p>\n<h2><span class=\"ez-toc-section\" id=\"500-jahre-bibeluebersetzung-%e2%80%93-der-blick-nach-vorn\"><\/span>500 Jahre Bibel\u00fcbersetzung \u2013 der Blick nach vorn<span class=\"ez-toc-section-end\"><\/span><\/h2>\n<p>2021 \u2013 500 Jahre sp\u00e4ter \u2013 w\u00fcrdigen Bundesland und Freistaat Th\u00fcringen, die Stadt Eisenach und die Wartburgregion Luthers Werk auf ganz besondere Weise: mit einem (touristischen) Themenjahr unter dem Motto: \u201eWelt \u00fcbersetzen. Sprache lesen, h\u00f6ren, sehen in Th\u00fcringen\u201c. An verschiedenen Orten Th\u00fcringens werde es viele Veranstaltungen geben \u2013 Hauptakteurinnen seien laut der zugeh\u00f6rigen Pressemeldung der Stadt Eisenach<\/p>\n<ul>\n<li>die Wartburgstiftung,<\/li>\n<li>die Stiftung Lutherhaus Eisenach<\/li>\n<li>und nat\u00fcrlich die Stadt Eisenach.<\/li>\n<\/ul>\n<p>Der Th\u00fcringer Kulturminister Prof. Benjamin-Immanuel Hoff sagte gegen\u00fcber der Presse, dass Th\u00fcringen nicht nur Martin Luther in den Mittelpunkt r\u00fccken werde, sondern auch aktuelle Fragestellungen diskutieren wolle, zum Beispiel,<\/p>\n<ul>\n<li>wie wir uns heute \u00fcber Generationen, Gruppen, Nationalit\u00e4ten, Religionen, Sprachen, Zeiten hinweg verst\u00e4ndigen k\u00f6nnten<\/li>\n<li>und wie Sprache im Zeitalter von Twitter erlebbar, gestaltbar, sinnstiftend bleiben k\u00f6nne.<\/li>\n<\/ul>\n<h3><span class=\"ez-toc-section\" id=\"aus-dem-programm-zum-themenjahr-%e2%80%93-500-jahre-bibeluebersetzung\"><\/span>Aus dem Programm zum Themenjahr \u2013 500 Jahre Bibel\u00fcbersetzung<span class=\"ez-toc-section-end\"><\/span><\/h3>\n<p>Oktober 2021<\/p>\n<ul>\n<li>Wissenschaftliche Tagung \u2013 Luther auf der Wartburg (1521\/22). Vom Septembertestament zur Vollbibel. \u00dcbersetzung \u2013 Druck und Buchillustration \u2013 Rezeption. Termin: 21. bis 23. Oktober<\/li>\n<li>\u00d6ffentlicher Vortrag im Wappensaal auf der Wartburg. Prof. Dr. Dr. Johannes Schilling referiert zur \u201eGeburt der Biblia Deudsch aus dem Geist des Evangeliums\u201c. Termin: 22. Oktober, 19 Uhr<\/li>\n<li>Projekter\u00f6ffnung \u2013 Er\u00f6ffnung des Themenjahres \u201eWelt \u00fcbersetzen\u201c. Eingebettet in das Abschlusskonzert \u201eAuferstehung \u2013 Himmelfahrt \u2013 Pfingsten in Kantaten Johann Sebastian Bachs\u201c des Eisenacher Bachfestes, werden der Ministerpr\u00e4sident Th\u00fcringens, Bodo Ramelow, und die Eisenacher Oberb\u00fcrgermeisterin Katja Wolf, die Feierlichkeiten zum 500-j\u00e4hrigen Jubil\u00e4um von Luthers Bibel\u00fcbersetzung auf der Wartburg er\u00f6ffnen. Beim Festgottesdienst auf der Wartburg spricht Bodo Ramelow im Rahmen der Reihe \u201eLebe Worte \u2013 Prominente und ihre Bibelverse\u201c. Die Eisenacher Museen \u00f6ffnen an diesem Tag bis 22 Uhr ihre T\u00fcren und laden G\u00e4ste und Besucher*innen zur \u201eLangen Nacht der Museen\u201c ein. Termin: 31. Oktober in Eisenac<\/li>\n<\/ul>\n<p>Das komplette Veranstaltungsprogramm sei stets aktuell zu finden unter der Internetadresse <a href=\"https:\/\/www.eisenach.info\/500-jahre-bibelubersetzung-luther-2021-2022\" rel=\"noopener\" target=\"_blank\">www.eisenach-luther.de<\/a><\/p>\n<h2><span class=\"ez-toc-section\" id=\"schreiben-auf-der-wartburg-wie-einst-luther-das-wartburg-experiment-202122\"><\/span>Schreiben auf der Wartburg wie einst Luther: das Wartburg-Experiment 2021\/22<span class=\"ez-toc-section-end\"><\/span><\/h2>\n<p>F\u00fcr das sogenannte &#8222;Wartburg Experiment&#8220; habe die Internationale Martin Luther Stiftung drei Schriftsteller zu vierw\u00f6chigen Aufenthalten auf die Wartburg geladen: <\/p>\n<ul>\n<li>Martin Mosebach,<\/li>\n<li>Thea Dorn<\/li>\n<li>und Senthuran Varatharajah.<\/li>\n<\/ul>\n<p>In einem Arbeitszimmer in unmittelbarer Nachbarschaft zur Lutherstube sollen sich die Autoren mit der Lutherbibel auseinandersetzen, sich von den Texten des Neuen Testaments und vom authentischen Ort zu einem eigenen kreativen Schaffen anregen lassen. Das erkl\u00e4rte Thomas A. Seidel dem MDR. W\u00e4hrenddessen sollen die Autoren Einblicke in ihren Schaffensprozess gew\u00e4hren. So seien unter anderem ein literarisches Symposium, Tischreden, Lesungen und Gespr\u00e4che mit Sch\u00fclern geplant.<\/p>\n<p>Unsere Sprachexperten \u00fcbersetzen und dolmetschen Vorlagen aus jeder Sprache in jede Sprache. Als Muttersprachler sind sie wie einst Luther in der Lage, die Vorlagen so zu \u00fcbersetzen und zu dolmetschen, dass deren Adressaten diese einfach und richtig verstehen.<\/p>\n<p>Wir freuen uns auf Ihre selbstverst\u00e4ndlich <a href=\"https:\/\/www.lingua-world.de\/anfrage.htm\" title=\"Anfrage\">unverbindliche Anfrage<\/a>!<\/p>\n","protected":false},"excerpt":{"rendered":"<p>1521 kam Martin Luther (1483 bis 1546) f\u00fcr fast ein ganzes Jahr auf der Wartburg oberhalb Eisenachs in sogenannte Schutzhaft. Als Junker J\u00f6rg \u00fcbersetzte er dort das Neue Testament ins Deutsche \u2013 in nur elf Wochen. Die Stadt Eisenach und &hellip; <a href=\"https:\/\/www.lingua-world.de\/blog\/500-jahre-bibeluebersetzung-veranstaltungstipps-fuer-eisenach\/\">Weiterlesen <span class=\"meta-nav\">&rarr;<\/span><\/a><\/p>\n","protected":false},"author":5,"featured_media":0,"comment_status":"open","ping_status":"open","sticky":false,"template":"","format":"standard","meta":{"_lmt_disableupdate":"no","_lmt_disable":"no","footnotes":""},"categories":[1],"tags":[],"class_list":["post-4789","post","type-post","status-publish","format-standard","hentry","category-allgemein"],"aioseo_notices":[],"modified_by":"Peter","_links":{"self":[{"href":"https:\/\/www.lingua-world.de\/blog\/wp-json\/wp\/v2\/posts\/4789","targetHints":{"allow":["GET"]}}],"collection":[{"href":"https:\/\/www.lingua-world.de\/blog\/wp-json\/wp\/v2\/posts"}],"about":[{"href":"https:\/\/www.lingua-world.de\/blog\/wp-json\/wp\/v2\/types\/post"}],"author":[{"embeddable":true,"href":"https:\/\/www.lingua-world.de\/blog\/wp-json\/wp\/v2\/users\/5"}],"replies":[{"embeddable":true,"href":"https:\/\/www.lingua-world.de\/blog\/wp-json\/wp\/v2\/comments?post=4789"}],"version-history":[{"count":0,"href":"https:\/\/www.lingua-world.de\/blog\/wp-json\/wp\/v2\/posts\/4789\/revisions"}],"wp:attachment":[{"href":"https:\/\/www.lingua-world.de\/blog\/wp-json\/wp\/v2\/media?parent=4789"}],"wp:term":[{"taxonomy":"category","embeddable":true,"href":"https:\/\/www.lingua-world.de\/blog\/wp-json\/wp\/v2\/categories?post=4789"},{"taxonomy":"post_tag","embeddable":true,"href":"https:\/\/www.lingua-world.de\/blog\/wp-json\/wp\/v2\/tags?post=4789"}],"curies":[{"name":"wp","href":"https:\/\/api.w.org\/{rel}","templated":true}]}}