{"id":8581,"date":"2025-01-18T14:30:22","date_gmt":"2025-01-18T13:30:22","guid":{"rendered":"https:\/\/www.lingua-world.de\/blog\/?p=8581"},"modified":"2025-01-18T14:35:17","modified_gmt":"2025-01-18T13:35:17","slug":"das-oder-dass-so-verwenden-sie-das-und-dass-richtig","status":"publish","type":"post","link":"https:\/\/www.lingua-world.de\/blog\/das-oder-dass-so-verwenden-sie-das-und-dass-richtig\/","title":{"rendered":"Das oder dass \u2013 so verwenden Sie das und dass richtig!"},"content":{"rendered":"<p>In den Social Media kursiert ein Meme mit dem Text: \u201eDass das dass mit das verwechselt wird, f\u00fchrt irgendwann dazu, dass das dass das nicht mehr ertr\u00e4gt und dass das dass das das dann t\u00f6tet.\u201c Auch wenn dieser sprachlich korrekt formulierte Satz die Lage mehr als zuspitzt: Die Verwendung von \u201edas\u201c und \u201edass\u201c macht mitunter Probleme. Wir erkl\u00e4ren Ihnen hier, wie Sie \u201edas\u201c und \u201edass\u201c richtig nutzen.<!--more--><\/p>\n<p>Sie lernen die Regeln der deutschen Sprache zu \u201edas\u201c und \u201edass\u201c kennen und bekommen von uns anschauliche Beispiele. Nach der Lekt\u00fcre unseres Artikels wissen Sie genau, wann Sie ein \u201edas\u201c und wann ein \u201edass\u201c schreiben m\u00fcssen.<\/p>\n<div id=\"ez-toc-container\" class=\"ez-toc-v2_0_82_2 ez-toc-wrap-right counter-hierarchy ez-toc-counter ez-toc-white ez-toc-container-direction\">\n<div class=\"ez-toc-title-container\">\n<p class=\"ez-toc-title\" style=\"cursor:inherit\">Seiteninhalt<\/p>\n<span class=\"ez-toc-title-toggle\"><a href=\"#\" class=\"ez-toc-pull-right ez-toc-btn ez-toc-btn-xs ez-toc-btn-default ez-toc-toggle\" aria-label=\"Toggle Table of Content\"><span class=\"ez-toc-js-icon-con\"><span class=\"\"><span class=\"eztoc-hide\" style=\"display:none;\">Toggle<\/span><span class=\"ez-toc-icon-toggle-span\"><svg style=\"fill: #999;color:#999\" xmlns=\"http:\/\/www.w3.org\/2000\/svg\" class=\"list-377408\" width=\"20px\" height=\"20px\" viewBox=\"0 0 24 24\" fill=\"none\"><path d=\"M6 6H4v2h2V6zm14 0H8v2h12V6zM4 11h2v2H4v-2zm16 0H8v2h12v-2zM4 16h2v2H4v-2zm16 0H8v2h12v-2z\" fill=\"currentColor\"><\/path><\/svg><svg style=\"fill: #999;color:#999\" class=\"arrow-unsorted-368013\" xmlns=\"http:\/\/www.w3.org\/2000\/svg\" width=\"10px\" height=\"10px\" viewBox=\"0 0 24 24\" version=\"1.2\" baseProfile=\"tiny\"><path d=\"M18.2 9.3l-6.2-6.3-6.2 6.3c-.2.2-.3.4-.3.7s.1.5.3.7c.2.2.4.3.7.3h11c.3 0 .5-.1.7-.3.2-.2.3-.5.3-.7s-.1-.5-.3-.7zM5.8 14.7l6.2 6.3 6.2-6.3c.2-.2.3-.5.3-.7s-.1-.5-.3-.7c-.2-.2-.4-.3-.7-.3h-11c-.3 0-.5.1-.7.3-.2.2-.3.5-.3.7s.1.5.3.7z\"\/><\/svg><\/span><\/span><\/span><\/a><\/span><\/div>\n<nav><ul class='ez-toc-list ez-toc-list-level-1 eztoc-toggle-hide-by-default' ><li class='ez-toc-page-1 ez-toc-heading-level-2'><a class=\"ez-toc-link ez-toc-heading-1\" href=\"https:\/\/www.lingua-world.de\/blog\/das-oder-dass-so-verwenden-sie-das-und-dass-richtig\/#warum-%e2%80%9edas%e2%80%9c-und-%e2%80%9edass%e2%80%9c-oft-verwechselt-werden-%e2%80%93-und-warum-es-wichtig-ist\" >Warum \u201edas\u201c und \u201edass\u201c oft verwechselt werden \u2013 und warum es wichtig ist<\/a><\/li><li class='ez-toc-page-1 ez-toc-heading-level-2'><a class=\"ez-toc-link ez-toc-heading-2\" href=\"https:\/\/www.lingua-world.de\/blog\/das-oder-dass-so-verwenden-sie-das-und-dass-richtig\/#das-und-dass-%e2%80%93-was-unterscheidet-die-beiden-woerter\" >das und dass \u2013 was unterscheidet die beiden W\u00f6rter?<\/a><ul class='ez-toc-list-level-3' ><li class='ez-toc-heading-level-3'><a class=\"ez-toc-link ez-toc-heading-3\" href=\"https:\/\/www.lingua-world.de\/blog\/das-oder-dass-so-verwenden-sie-das-und-dass-richtig\/#%e2%80%9edas%e2%80%9c-als-artikel\" >\u201edas\u201c als Artikel<\/a><\/li><li class='ez-toc-page-1 ez-toc-heading-level-3'><a class=\"ez-toc-link ez-toc-heading-4\" href=\"https:\/\/www.lingua-world.de\/blog\/das-oder-dass-so-verwenden-sie-das-und-dass-richtig\/#%e2%80%9edas%e2%80%9c-als-relativpronomen\" >\u201edas\u201c als Relativpronomen<\/a><\/li><li class='ez-toc-page-1 ez-toc-heading-level-3'><a class=\"ez-toc-link ez-toc-heading-5\" href=\"https:\/\/www.lingua-world.de\/blog\/das-oder-dass-so-verwenden-sie-das-und-dass-richtig\/#%e2%80%9edas%e2%80%9c-als-demonstrativpronomen\" >\u201edas\u201c als Demonstrativpronomen<\/a><\/li><li class='ez-toc-page-1 ez-toc-heading-level-3'><a class=\"ez-toc-link ez-toc-heading-6\" href=\"https:\/\/www.lingua-world.de\/blog\/das-oder-dass-so-verwenden-sie-das-und-dass-richtig\/#%e2%80%9edass%e2%80%9c-als-konjunktion\" >\u201edass\u201c als Konjunktion<\/a><\/li><\/ul><\/li><li class='ez-toc-page-1 ez-toc-heading-level-2'><a class=\"ez-toc-link ez-toc-heading-7\" href=\"https:\/\/www.lingua-world.de\/blog\/das-oder-dass-so-verwenden-sie-das-und-dass-richtig\/#regeln-und-merksaetze-zur-richtigen-verwendung-von-%e2%80%9edas%e2%80%9c-und-%e2%80%9edass%e2%80%9c\" >Regeln und Merks\u00e4tze zur richtigen Verwendung von \u201edas\u201c und \u201edass\u201c<\/a><ul class='ez-toc-list-level-3' ><li class='ez-toc-heading-level-3'><a class=\"ez-toc-link ez-toc-heading-8\" href=\"https:\/\/www.lingua-world.de\/blog\/das-oder-dass-so-verwenden-sie-das-und-dass-richtig\/#die-das-oder-dass-regel-auch-ersatzregel-genannt\" >Die das-oder-dass-Regel (auch Ersatzregel genannt)<\/a><\/li><li class='ez-toc-page-1 ez-toc-heading-level-3'><a class=\"ez-toc-link ez-toc-heading-9\" href=\"https:\/\/www.lingua-world.de\/blog\/das-oder-dass-so-verwenden-sie-das-und-dass-richtig\/#am-satzanfang-wird-das-%e2%80%9edass%e2%80%9c-grossgeschrieben\" >Am Satzanfang wird das \u201edass\u201c gro\u00dfgeschrieben<\/a><\/li><li class='ez-toc-page-1 ez-toc-heading-level-3'><a class=\"ez-toc-link ez-toc-heading-10\" href=\"https:\/\/www.lingua-world.de\/blog\/das-oder-dass-so-verwenden-sie-das-und-dass-richtig\/#das-%e2%80%9edass%e2%80%9c-ist-veraltet-und-gilt-als-falsch\" >Das \u201eda\u00df\u201c ist veraltet und gilt als falsch<\/a><\/li><\/ul><\/li><\/ul><\/nav><\/div>\n<h2><span class=\"ez-toc-section\" id=\"warum-%e2%80%9edas%e2%80%9c-und-%e2%80%9edass%e2%80%9c-oft-verwechselt-werden-%e2%80%93-und-warum-es-wichtig-ist\"><\/span>Warum \u201edas\u201c und \u201edass\u201c oft verwechselt werden \u2013 und warum es wichtig ist<span class=\"ez-toc-section-end\"><\/span><\/h2>\n<p>Auch wenn es nur um den einen Buchstaben \u201es\u201c geht, der den Unterschied zwischen \u201edas\u201c und \u201edass\u201c ausmacht: F\u00fcr das Lesen und Verstehen ist er wichtig. Denn ein \u201edas\u201c anstelle eines \u201edass\u201c und umgekehrt kann den Lesefluss st\u00f6ren und zu Miss- oder gar Unverst\u00e4ndnis f\u00fchren.<\/p>\n<h2><span class=\"ez-toc-section\" id=\"das-und-dass-%e2%80%93-was-unterscheidet-die-beiden-woerter\"><\/span>das und dass \u2013 was unterscheidet die beiden W\u00f6rter?<span class=\"ez-toc-section-end\"><\/span><\/h2>\n<p>Ein \u201edas\u201c kann drei verschiedene grammatikalische Aufgaben in einem Satz erf\u00fcllen: Es kann Artikel, Relativpronomen und Demonstrativpronomen sein.<\/p>\n<h3><span class=\"ez-toc-section\" id=\"%e2%80%9edas%e2%80%9c-als-artikel\"><\/span>\u201edas\u201c als Artikel<span class=\"ez-toc-section-end\"><\/span><\/h3>\n<p>Das \u201edas\u201c ist neben \u201edie\u201c und \u201eder\u201c einer der drei bestimmten Artikel, die es in der deutschen Sprache gibt. Artikel sind Begleiter von Substantiven. Es steht vor W\u00f6rtern, die grammatikalisch dem s\u00e4chlichen Geschlecht zugeordnet werden. Beispiele: <em>das Haus<\/em>HauHaus, <em>das <\/em>Kind, <em>das <\/em>Brot. Das \u201edas\u201c steht somit auch immer vor Nomen in verniedlichter Form mit der entsprechenden Endung \u201e-chen\u201c: <em>das <\/em>H\u00e4uschen, <em>das<\/em> Kindchen, <em>das <\/em>B\u00f6tchen.<\/p>\n<p>Zudem kann das \u201edas\u201c als Pronomen im Einsatz sein:<\/p>\n<h3><span class=\"ez-toc-section\" id=\"%e2%80%9edas%e2%80%9c-als-relativpronomen\"><\/span>\u201edas\u201c als Relativpronomen<span class=\"ez-toc-section-end\"><\/span><\/h3>\n<p>Ein Relativpronomen ist ein sogenanntes bez\u00fcgliches F\u00fcrwort und kann sich auf ein Wort (so genanntes Bezugswort) ebenso beziehen wie auf voran- oder nachgestellte S\u00e4tze. Im Deutschen sind \u201edie\u201c, \u201eder\u201c, \u201edas\u201c, \u201ewelche\u201c, \u201ewelcher\u201c, \u201ewelches\u201c und s\u00e4mtliche deklinierten Formen davon als Relativpronomen im Einsatz. Als solche leiten sie jeweils den entsprechenden Relativsatz ein. Ein Relativsatz ist ein Nebensatz, den Sie am einleitenden Relativpronomen und daran erkennen, dass das konjugierte Verb am Satzende steht.<\/p>\n<p>Beispiel: Das Haus, <strong><em>das<\/em><\/strong> mitten in einem Garten steht, ist sehr alt.<\/p>\n<div style=\"width: 96%; border: 1px solid #75af00; padding: 10px; margin-bottom: 1.625em;\">\n<p>Eine beglaubigte \u00dcbersetzung, <a href=\"https:\/\/www.lingua-world.de\/fachuebersetzungen.htm\" title=\"Fach\u00fcbersetzungen\">Fach\u00fcbersetzungen<\/a> oder das \u00dcbersetzen von Dokumenten und Websites erfordern \u00e4u\u00dferste Sorgfalt, damit sich keine Fehler einschleichen. Unsere professionellen \u00dcbersetzer kennen sich bestens damit aus, wie \u201edas\u201c und \u201edass\u201c richtig verwendet werden. <\/p>\n<p>\u00dcberzeugen Sie sich selbst: Wir freuen uns auf Ihr Vorhaben.<\/p>\n<p style=\"text-align: center;\"><a class=\"button\" title=\"\u00dcbersetzungs-Anfrage\" href=\"https:\/\/www.lingua-world.de\/anfrage.htm\" target=\"\" rel=\"noopener\">Stellen Sie es uns gerne vor!<\/a><\/p>\n<\/div>\n<h3><span class=\"ez-toc-section\" id=\"%e2%80%9edas%e2%80%9c-als-demonstrativpronomen\"><\/span>\u201edas\u201c als Demonstrativpronomen<span class=\"ez-toc-section-end\"><\/span><\/h3>\n<p>Ein Demonstrativpronomen ist ein sogenanntes hinweisendes F\u00fcrwort und verweist auf bestimmte Personen, Gegenst\u00e4nde, Sachverhalte oder S\u00e4tze. Im Deutschen sind \u201edie\u201c, \u201eder\u201c, \u201edas\u201c,\u00a0\u201ediese\u201c, \u201edieser\u201c, \u201edieses\u201c,\u00a0\u201ejene\u201c, \u201ejener\u201c, \u201ejenes\u201c,\u00a0\u201esolch\u201c, \u201esolcher\u201c, \u201esolche\u201c, \u201esolches\u201c,\u00a0\u201edieselbe\u201c, \u201ederselbe\u201c, \u201edasselbe\u201c\u00a0und\u00a0\u201eselbst\u201c, \u201eselber\u201c als Demonstrativpronomen im Einsatz. Sie k\u00f6nnen Nomen begleiten oder ersetzen.<\/p>\n<p>Beispiel: <strong><em>Das<\/em><\/strong> ist das alte Haus mitten in einem Garten.<\/p>\n<p>Das \u201edass\u201c dagegen erf\u00fcllt nur eine Aufgabe in einem Satz: Es dient als Konjunktion.<\/p>\n<h3><span class=\"ez-toc-section\" id=\"%e2%80%9edass%e2%80%9c-als-konjunktion\"><\/span>\u201edass\u201c als Konjunktion<span class=\"ez-toc-section-end\"><\/span><\/h3>\n<p>Als Konjunktion verbindet das \u201edass\u201c einen Nebensatz mit einem Hauptsatz. Da es den von ihm eingeleiteten Nebensatz dem zugeh\u00f6rigen Hauptsatz unterstellt, wird es auch als subordinierende Konjunktion bezeichnet.<\/p>\n<p>Beispiel: Ich sagte doch, <strong>dass<\/strong> das alte Haus mitten in einem Garten steht.<\/p>\n<p><img loading=\"lazy\" decoding=\"async\" src=\"https:\/\/www.lingua-world.de\/blog\/wp-content\/uploads\/2025\/01\/das-oder-dass-grammatik.jpg\" alt=\"Das oder dass - Grammatik\" width=\"570\" height=\"379\" class=\"alignnone size-full wp-image-8580\" srcset=\"https:\/\/www.lingua-world.de\/blog\/wp-content\/uploads\/2025\/01\/das-oder-dass-grammatik.jpg 570w, https:\/\/www.lingua-world.de\/blog\/wp-content\/uploads\/2025\/01\/das-oder-dass-grammatik-300x199.jpg 300w, https:\/\/www.lingua-world.de\/blog\/wp-content\/uploads\/2025\/01\/das-oder-dass-grammatik-451x300.jpg 451w\" sizes=\"auto, (max-width: 570px) 100vw, 570px\" \/><\/p>\n<h2><span class=\"ez-toc-section\" id=\"regeln-und-merksaetze-zur-richtigen-verwendung-von-%e2%80%9edas%e2%80%9c-und-%e2%80%9edass%e2%80%9c\"><\/span>Regeln und Merks\u00e4tze zur richtigen Verwendung von \u201edas\u201c und \u201edass\u201c<span class=\"ez-toc-section-end\"><\/span><\/h2>\n<p>Weil beide W\u00f6rter, sowohl das \u201edas\u201c als auch das \u201edass\u201c, einen Nebensatz einleiten k\u00f6nnen, werden sie h\u00e4ufig falsch verwendet. Laut dem Duden ist das sogar einer der h\u00e4ufigsten Fehler im geschriebenen Deutschen. Doch w\u00e4hrend das \u201edas\u201c einen Relativeinsatz einleitet, ist das beim \u201edass\u201c nicht der Fall.<\/p>\n<h3><span class=\"ez-toc-section\" id=\"die-das-oder-dass-regel-auch-ersatzregel-genannt\"><\/span>Die das-oder-dass-Regel (auch Ersatzregel genannt)<span class=\"ez-toc-section-end\"><\/span><\/h3>\n<p>Wenn Sie ein \u201edas\u201c mit den Relativpronomen \u201edies\u201c, \u201edieses\u201c, \u201ejenes\u201c oder \u201ewelches\u201c ersetzen k\u00f6nnen, schreiben Sie es immer mit einem \u201es\u201c.<\/p>\n<p>Beispiel: Das Haus, <strong><em>das<\/em><\/strong> mitten in einem Garten steht, ist sehr alt. \u2013 Das Haus, <strong><em>welches<\/em><\/strong> mitten in einem Garten steht, ist sehr alt.<\/p>\n<p>K\u00f6nnen Sie ein \u201edas\u201c dagegen nicht mit den Relativpronomen \u201edies\u201c, \u201edieses\u201c, \u201ejenes\u201c oder \u201ewelches\u201c ersetzen, schreiben Sie es immer mit einem doppelten \u201es\u201c.<\/p>\n<p>Beispiel: Ich sagte doch, <strong><em>dass<\/em><\/strong> das alte Haus mitten in einem Garten steht. \u2013 Ich sagte doch, <strong><em>welches<\/em><\/strong> das alte Haus mitten in einem Garten steht.<\/p>\n<p>Der Merksatz zur sogenannten das-oder-dass-Regel lautet:<\/p>\n<p>Das \u201es\u201c im\u00a0\u201edas\u201c, es bleibt allein, passt\u00a0stattdessen \u201edieses\u201c, \u201ejenes\u201c oder \u201ewelches\u201c\u00a0rein.<\/p>\n<p>Zus\u00e4tzlich k\u00f6nnen Sie sich merken:<\/p>\n<p>Nach einem Komma steht oft ein \u201edass\u201c, wenn ein Nebensatz beginnt. Folgt nach einem Komma dagegen ein Nomen oder Pronomen, handelt es sich meist um ein \u201edas\u201c. Weitere Beispiele f\u00fcr <a href=\"https:\/\/www.lingua-world.de\/blog\/komma-richtig-setzen-10-wichtige-kommaregeln-und-haeufige-fehler\/\" title=\"Kommaregeln\">wichtige Kommaregeln<\/a>.<\/p>\n<p>Beispiele:<\/p>\n<p>\u201eIch sagte doch, <strong><em>dass<\/em><\/strong> es mitten in einem Garten steht.\u201c<\/p>\n<p>\u201eIch sagte, <strong><em>das<\/em><\/strong> Haus steht mitten in einem Garten.\u201c<\/p>\n<h3><span class=\"ez-toc-section\" id=\"am-satzanfang-wird-das-%e2%80%9edass%e2%80%9c-grossgeschrieben\"><\/span>Am Satzanfang wird das \u201edass\u201c gro\u00dfgeschrieben<span class=\"ez-toc-section-end\"><\/span><\/h3>\n<p>In einem Satz, der aus Haupt- und Nebensatz besteht, folgt nach dem die beiden Satzteile trennenden Komma ein \u201edass\u201c. Steht der Nebensatz vor dem Hauptsatz, beginnt er mit einem \u201edass\u201c, das dann gro\u00dfgeschrieben wird.<\/p>\n<p>Beispiel: <strong><em>Dass<\/em><\/strong> das alte Haus mitten in einem Garten steht, sagte ich doch.<\/p>\n<h3><span class=\"ez-toc-section\" id=\"das-%e2%80%9edass%e2%80%9c-ist-veraltet-und-gilt-als-falsch\"><\/span>Das \u201eda\u00df\u201c ist veraltet und gilt als falsch<span class=\"ez-toc-section-end\"><\/span><\/h3>\n<p>Noch immer begegnet einem hier und da ein \u201eda\u00df\u201c. Die Schreibweise mit einem \u201e\u00df\u201c anstelle des doppelten \u201ess\u201c ist laut dem Duden jedoch veraltet und nicht mehr korrekt. Seit der Rechtschreibreform im Jahr 1996 wird die Konjunktion \u201edass\u201c im Deutschen mit doppeltem \u201ess\u201c geschrieben.<\/p>\n<div style=\"width: 96%; border: 1px solid #75af00; padding: 10px; margin-bottom: 1.625em;\">\nSie suchen einen Sprachdienstleister, der sein Metier beherrscht? Dann wenden Sie sich gerne an uns: Unsere professionellen Dolmetscher und \u00dcbersetzer stehen Ihnen gerne zur Seite.<\/p>\n<p style=\"text-align: center;\"><a class=\"button\" title=\"\u00dcbersetzungs-Anfrage\" href=\"https:\/\/www.lingua-world.de\/anfrage.htm\" target=\"\" rel=\"noopener\">Testen Sie uns gerne \u2013 wir freuen uns auf Ihre Anfrage!<\/a><\/p>\n<\/div>\n","protected":false},"excerpt":{"rendered":"<p>In den Social Media kursiert ein Meme mit dem Text: \u201eDass das dass mit das verwechselt wird, f\u00fchrt irgendwann dazu, dass das dass das nicht mehr ertr\u00e4gt und dass das dass das das dann t\u00f6tet.\u201c Auch wenn dieser sprachlich korrekt &hellip; <a href=\"https:\/\/www.lingua-world.de\/blog\/das-oder-dass-so-verwenden-sie-das-und-dass-richtig\/\">Weiterlesen <span class=\"meta-nav\">&rarr;<\/span><\/a><\/p>\n","protected":false},"author":5,"featured_media":0,"comment_status":"open","ping_status":"open","sticky":false,"template":"","format":"standard","meta":{"_lmt_disableupdate":"no","_lmt_disable":"no","footnotes":""},"categories":[1],"tags":[],"class_list":["post-8581","post","type-post","status-publish","format-standard","hentry","category-allgemein"],"aioseo_notices":[],"modified_by":"Peter","_links":{"self":[{"href":"https:\/\/www.lingua-world.de\/blog\/wp-json\/wp\/v2\/posts\/8581","targetHints":{"allow":["GET"]}}],"collection":[{"href":"https:\/\/www.lingua-world.de\/blog\/wp-json\/wp\/v2\/posts"}],"about":[{"href":"https:\/\/www.lingua-world.de\/blog\/wp-json\/wp\/v2\/types\/post"}],"author":[{"embeddable":true,"href":"https:\/\/www.lingua-world.de\/blog\/wp-json\/wp\/v2\/users\/5"}],"replies":[{"embeddable":true,"href":"https:\/\/www.lingua-world.de\/blog\/wp-json\/wp\/v2\/comments?post=8581"}],"version-history":[{"count":0,"href":"https:\/\/www.lingua-world.de\/blog\/wp-json\/wp\/v2\/posts\/8581\/revisions"}],"wp:attachment":[{"href":"https:\/\/www.lingua-world.de\/blog\/wp-json\/wp\/v2\/media?parent=8581"}],"wp:term":[{"taxonomy":"category","embeddable":true,"href":"https:\/\/www.lingua-world.de\/blog\/wp-json\/wp\/v2\/categories?post=8581"},{"taxonomy":"post_tag","embeddable":true,"href":"https:\/\/www.lingua-world.de\/blog\/wp-json\/wp\/v2\/tags?post=8581"}],"curies":[{"name":"wp","href":"https:\/\/api.w.org\/{rel}","templated":true}]}}